{"id":1196,"date":"2018-02-10T16:25:38","date_gmt":"2018-02-10T16:25:38","guid":{"rendered":"http:\/\/www.muvh.gov.py\/sitiofonavis\/?p=1196"},"modified":"2021-07-19T14:40:58","modified_gmt":"2021-07-19T14:40:58","slug":"resolucion-del-primer-llamado-del-2018","status":"publish","type":"post","link":"https:\/\/www.muvh.gov.py\/sitiofonavis\/2018\/resolucion-del-primer-llamado-del-2018.html","title":{"rendered":"Resoluci\u00f3n del Primer Llamado A\u00f1o 2018"},"content":{"rendered":"<p>Resoluci\u00f3n del Primer Llamado 287 &#8211; 09\/02\/18 <a href=\"muvh.gov.pysitiofonavis\/wp-content\/uploads\/sites\/4\/2018\/02\/Resolucion-N\u00b0-287-de-fecha-09-de-febrero-del-2018.pdf\">[..ver..]<\/a><\/p>\n<ul>\n<li>Comunidad Ind\u00edgena Mbya Guaran\u00ed \u201cNARANJITO \u201c, \u201cISLA H\u00da\u201d, \u201cSANTA TERESA \u201c, \u201cARROYO H\u00da\u201d &#8211; <a href=\"https:\/\/muvh.gov.py\/sitiofonavis\/wp-content\/uploads\/sites\/4\/2018\/02\/Resolucion-N\u00b0-561-de-fecha-16-de-marzo-del-2018.pdf\" target=\"_blank\" rel=\"noopener noreferrer\">Res. Nro. 561 de 16\/03\/18<\/a><\/li>\n<li>Comisi\u00f3n Vecinal de Fomento San Cayetano &#8211; <a href=\"https:\/\/muvh.gov.py\/sitiofonavis\/wp-content\/uploads\/sites\/4\/2018\/02\/Resolucion-N\u00b0-564-de-fecha-16-de-marzo-del-2018.pdf\" target=\"_blank\" rel=\"noopener noreferrer\">Res. Nro. 564 de 16\/03\/18<\/a><\/li>\n<li>Comisi\u00f3n Vecinal Pro-Vivienda 22 de Octubre Asentamiento Tapyira &#8211; <a href=\"https:\/\/muvh.gov.py\/sitiofonavis\/wp-content\/uploads\/sites\/4\/2018\/02\/Resolucion-N\u00b0-565-de-fecha-16-de-marzo-del-2018.pdf\" target=\"_blank\" rel=\"noopener noreferrer\">Res. Nro. 565 de 16\/03\/18<\/a><\/li>\n<li>Comunidad Ind\u00edgena Toba Qom Rio Verde Km. 49 &#8211; <a href=\"https:\/\/muvh.gov.py\/sitiofonavis\/wp-content\/uploads\/sites\/4\/2018\/02\/Resolucion-N\u00b0-566-de-fecha-16-de-marzo-del-2018.pdf\" target=\"_blank\" rel=\"noopener noreferrer\">Res. Nro. 566 de 16\/03\/18<\/a><\/li>\n<li>Comisi\u00f3n Pro Vivienda \u2014 Asentamiento Primavera de la Colonia 7 de Agosto Km 14 &#8211; <a href=\"https:\/\/muvh.gov.py\/sitiofonavis\/wp-content\/uploads\/sites\/4\/2018\/02\/Resolucion-N\u00b0-594-de-fecha-21-de-marzo-del-2018.pdf\" target=\"_blank\" rel=\"noopener noreferrer\">Res. Nro. 594 de 21\/03\/18<\/a><\/li>\n<li>Comisi\u00f3n Vecinal Asentamiento San Nicodemo &#8211; <a href=\"https:\/\/muvh.gov.py\/sitiofonavis\/wp-content\/uploads\/sites\/4\/2018\/02\/Resolucion-N\u00b0-603-de-fecha-21-de-marzo-del-2018.pdf\" target=\"_blank\" rel=\"noopener noreferrer\">Res. Nro. 603 de 21\/03\/18<\/a><\/li>\n<li>Comisi\u00f3n Directiva del Complejo Habitacional San Francisco &#8211; <a href=\"https:\/\/muvh.gov.py\/sitiofonavis\/wp-content\/uploads\/sites\/4\/2018\/02\/Resolucion-N\u00ba-626-de-fecha-23-de-marzo-del-2018.pdf\" target=\"_blank\" rel=\"noopener noreferrer\">Res. Nro. 626 de 23\/03\/18<\/a><\/li>\n<li>Comisi\u00f3n Vecinal de Fomento PoJoaju &#8211; <a href=\"https:\/\/muvh.gov.py\/sitiofonavis\/wp-content\/uploads\/sites\/4\/2018\/02\/Resolucion-N\u00b0-635-de-fecha-23-de-marzo-del-2018.pdf\" target=\"_blank\" rel=\"noopener noreferrer\">Res. Nro. 635 de 23\/03\/18<\/a><\/li>\n<li>Comisi\u00f3n de Fomento Urbano para la Aplicaci\u00f3n de la Ley N\u00b0 5829\/2017 deI Asentamiento Tierra Prometida &#8211; <a href=\"https:\/\/muvh.gov.py\/sitiofonavis\/wp-content\/uploads\/sites\/4\/2018\/02\/Resolucion-N\u00b0-640-de-fecha-23-de-marzo-del-2018.pdf\" target=\"_blank\" rel=\"noopener noreferrer\">Res. Nro. 640 de 23\/03\/18<\/a><\/li>\n<li>Comunidad Ind\u00edgena Pai Tavytera \u201cItaguaz\u00fa\u201d &#8211; <a href=\"https:\/\/muvh.gov.py\/sitiofonavis\/wp-content\/uploads\/sites\/4\/2018\/02\/Resolucion-N\u00b0-676-de-fecha-27-de-marzo-del-2018.pdf\" target=\"_blank\" rel=\"noopener noreferrer\">Res. Nro. 676 de 27\/03\/18<\/a><\/li>\n<li>Comunidad Ind\u00edgena Y-Asory\/Pirity &#8211; <a href=\"https:\/\/muvh.gov.py\/sitiofonavis\/wp-content\/uploads\/sites\/4\/2018\/02\/Resolucion-N\u00b0-677-de-fecha-27-de-marzo-del-2018.pdf\" target=\"_blank\" rel=\"noopener noreferrer\">Res. Nro. 677 de 27\/03\/18<\/a><\/li>\n<li>Comisi\u00f3n Vecinal de Fomento Nande Rogara &#8211; <a href=\"https:\/\/muvh.gov.py\/sitiofonavis\/wp-content\/uploads\/sites\/4\/2018\/02\/Resolucion-N\u00b0-804-de-fecha-12-de-abril-del-2018.pdf\" target=\"_blank\" rel=\"noopener noreferrer\">Res. Nro. 804 de 12\/04\/18<\/a><\/li>\n<li>Edificaci\u00f3n en Lote Propio &#8211; <a href=\"https:\/\/muvh.gov.py\/sitiofonavis\/wp-content\/uploads\/sites\/4\/2018\/02\/Resolucion-N\u00b0-898-de-fecha-24-de-abril-del-2018.pdf\" target=\"_blank\" rel=\"noopener noreferrer\">Res. Nro. 898 de 24\/04\/18<\/a><\/li>\n<li>Edificaci\u00f3n en Lote Propio &#8211; <a href=\"https:\/\/muvh.gov.py\/sitiofonavis\/wp-content\/uploads\/sites\/4\/2018\/02\/Resolucion-N\u00b0-899-de-fecha-24-de-abril-del-2018.pdf\" target=\"_blank\" rel=\"noopener noreferrer\">Res. Nro. 899 de 24\/04\/18<\/a><\/li>\n<li>Edificaci\u00f3n en Lote Propio &#8211; <a href=\"https:\/\/muvh.gov.py\/sitiofonavis\/wp-content\/uploads\/sites\/4\/2018\/02\/Resolucion-N\u00b0-902-de-fecha-25-de-abril-del-2018.pdf\" target=\"_blank\" rel=\"noopener noreferrer\">Res. Nro. 902 de 25\/04\/18<\/a><\/li>\n<li>Edificaci\u00f3n en Lote Propio &#8211; <a href=\"https:\/\/muvh.gov.py\/sitiofonavis\/wp-content\/uploads\/sites\/4\/2018\/02\/Resolucion-N\u00b0-903-de-fecha-25-de-abril-del-2018.pdf\" target=\"_blank\" rel=\"noopener noreferrer\">Res. Nro. 903 de 25\/04\/18<\/a><\/li>\n<li>Comisi\u00f3n de Fomento Urbano para la Aplicaci\u00f3n de la Ley N\u00b0 5829\/2017 Asentamiento \u201cNUEVA ESPERANZA\u201d &#8211; <a href=\"https:\/\/muvh.gov.py\/sitiofonavis\/wp-content\/uploads\/sites\/4\/2018\/02\/Resolucion-N\u00b0-906-de-fecha-25-de-abril-del-2018.pdf\" target=\"_blank\" rel=\"noopener noreferrer\">Res. Nro. 906 de 25\/04\/18<\/a><\/li>\n<li>Edificaci\u00f3n en Lote Propio &#8211; <a href=\"https:\/\/muvh.gov.py\/sitiofonavis\/wp-content\/uploads\/sites\/4\/2018\/02\/Resolucion-N\u00b0-911-de-fecha-25-de-abril-del-2018.pdf\" target=\"_blank\" rel=\"noopener noreferrer\">Res. Nro. 911 de 25\/04\/18<\/a><\/li>\n<li>Edificaci\u00f3n en Lote Propio &#8211; <a href=\"https:\/\/muvh.gov.py\/sitiofonavis\/wp-content\/uploads\/sites\/4\/2018\/02\/Resolucion-N\u00b0-913-de-fecha-25-de-abril-del-2018.pdf\" target=\"_blank\" rel=\"noopener noreferrer\">Res. Nro. 913 de 25\/04\/18<\/a><\/li>\n<li>Edificaci\u00f3n en Lote Propio &#8211; <a href=\"https:\/\/muvh.gov.py\/sitiofonavis\/wp-content\/uploads\/sites\/4\/2018\/02\/Resolucion-N\u00b0-920-de-fecha-25-de-abril-del-2018.pdf\" target=\"_blank\" rel=\"noopener noreferrer\">Res. Nro. 920 de 25\/04\/18<\/a><\/li>\n<li>Edificaci\u00f3n en Lote Propio &#8211; <a href=\"https:\/\/muvh.gov.py\/sitiofonavis\/wp-content\/uploads\/sites\/4\/2018\/02\/Resolucion-N\u00b0-928-de-fecha-26-de-abril-del-2018.pdf\" target=\"_blank\" rel=\"noopener noreferrer\">Res. Nro. 928 de 25\/04\/18<\/a><\/li>\n<li>Edificaci\u00f3n en Lote Propio &#8211; <a href=\"https:\/\/muvh.gov.py\/sitiofonavis\/wp-content\/uploads\/sites\/4\/2018\/02\/Resolucion-N\u00b0-933-de-fecha-26-de-abril-del-2018.pdf\" target=\"_blank\" rel=\"noopener noreferrer\">Res. Nro. 933 de 26\/04\/18<\/a><\/li>\n<li>Edificaci\u00f3n en Lote Propio &#8211; <a href=\"https:\/\/muvh.gov.py\/sitiofonavis\/wp-content\/uploads\/sites\/4\/2018\/02\/Resolucion-N\u00b0-934-de-fecha-26-de-abril-del-2018.pdf\" target=\"_blank\" rel=\"noopener noreferrer\">Res. Nro. 934 de 26\/04\/18<\/a><\/li>\n<li>Edificaci\u00f3n en Lote Propio &#8211; <a href=\"https:\/\/muvh.gov.py\/sitiofonavis\/wp-content\/uploads\/sites\/4\/2018\/02\/Resolucion-N\u00b0-953-de-fecha-30-de-abril-del-2018.pdf\" target=\"_blank\" rel=\"noopener noreferrer\">Res. Nro. 953 de 30\/04\/18<\/a><\/li>\n<li>Comisi\u00f3n Vecinal de Fomento Territorio Social Santa Catalina &#8211; <a href=\"https:\/\/muvh.gov.py\/sitiofonavis\/wp-content\/uploads\/sites\/4\/2018\/02\/Resolucion-N\u00ba-981-de-fecha-4-de-mayo-del-2018.pdf\" target=\"_blank\" rel=\"noopener noreferrer\">Res. Nro. 981 de 04\/05\/18<\/a><\/li>\n<li>Junta Comunal de Vecinos de la Localidad de Curuzu N\u00fa &#8211; <a href=\"https:\/\/muvh.gov.py\/sitiofonavis\/wp-content\/uploads\/sites\/4\/2018\/02\/Resolucion-N\u00b0-1098-de-fecha-24-de-mayo-del-2018.pdf\" target=\"_blank\" rel=\"noopener noreferrer\">Res. Nro. 1098 de 24\/05\/18<\/a><\/li>\n<li>Comunidad Ind\u00edgena \u201cFortuna\u201d &#8211; Complemento &#8211; <a href=\"https:\/\/muvh.gov.py\/sitiofonavis\/wp-content\/uploads\/sites\/4\/2018\/02\/Resolucion-N\u00b0-1100-de-fecha-25-de-mayo-del-2018.pdf\" target=\"_blank\" rel=\"noopener noreferrer\">Res. Nro. 1100 de 25\/05\/18<\/a><\/li>\n<li>Edificaci\u00f3n en Lote Propio &#8211; <a href=\"https:\/\/muvh.gov.py\/sitiofonavis\/wp-content\/uploads\/sites\/4\/2018\/02\/Resolucion-N\u00b0-1157-de-fecha-29-de-mayo-del-2018.pdf\" target=\"_blank\" rel=\"noopener noreferrer\">Res. Nro. 1157 de 29\/05\/18<\/a><\/li>\n<li>Edificaci\u00f3n en Lote Propio &#8211; <a href=\"https:\/\/muvh.gov.py\/sitiofonavis\/wp-content\/uploads\/sites\/4\/2018\/02\/Resolucion-N\u00b0-1168-de-fecha-30-de-mayo-del-2018.pdf\" target=\"_blank\" rel=\"noopener noreferrer\">Res. Nro. 1168 de 30\/05\/18<\/a><\/li>\n<li>Comisi\u00f3n la Esperanza &#8211; <a href=\"https:\/\/muvh.gov.py\/sitiofonavis\/wp-content\/uploads\/sites\/4\/2018\/02\/Resolucion-N\u00b0-1180-de-fecha-31-de-mayo-del-2018.pdf\" target=\"_blank\" rel=\"noopener noreferrer\">Res. Nro. 1180 de 31\/05\/18<\/a><\/li>\n<li>Comisi\u00f3n de Fomento y Desarrollo del Asentamiento Ing. Agron. Guido Almada 1 &#8211; <a href=\"https:\/\/muvh.gov.py\/sitiofonavis\/wp-content\/uploads\/sites\/4\/2018\/02\/Resolucion-N\u00ba-1298-de-fecha-18-de-junio-del-2018.pdf\" target=\"_blank\" rel=\"noopener noreferrer\">Res. Nro. 1298 de 12\/06\/18<\/a><\/li>\n<li>Comisi\u00f3n Vecinal (ADH OC) del Barrio Nuevo Amanecer II &#8211; <a href=\"https:\/\/muvh.gov.py\/sitiofonavis\/wp-content\/uploads\/sites\/4\/2018\/02\/Resolucion-N\u00b0-1364-de-fecha-20-de-junio-del-2018.pdf\" target=\"_blank\" rel=\"noopener noreferrer\">Res. Nro. 1364 de 20\/06\/18<\/a><\/li>\n<li>Comisi\u00f3n Vecinal del Territorio Social 8 de Diciembre de la Compa\u00f1\u00eda Cumbarity &#8211; <a href=\"https:\/\/muvh.gov.py\/sitiofonavis\/wp-content\/uploads\/sites\/4\/2018\/02\/Resolucion-N\u00b0-1365-de-fecha-20-de-junio-del-2018.pdf\" target=\"_blank\" rel=\"noopener noreferrer\">Res. Nro. 1365 de 20\/06\/18<\/a><\/li>\n<li>Comisi\u00f3n Pro Vivienda de la Colonia San Juan Ex Acepar S\u00e9ptima L\u00ednea (2da. Fase) &#8211; <a href=\"https:\/\/muvh.gov.py\/sitiofonavis\/wp-content\/uploads\/sites\/4\/2018\/02\/Resolucion-N\u00b0-1367-de-fecha-20-de-junio-del-2018.pdf\" target=\"_blank\" rel=\"noopener noreferrer\">Res. Nro. 1367 de 20\/06\/18<\/a><\/li>\n<li>Comisi\u00f3n Directiva del Territorio Social Sol Naciente 1 &#8211; <a href=\"https:\/\/muvh.gov.py\/sitiofonavis\/wp-content\/uploads\/sites\/4\/2018\/02\/Resolucion-N\u00b0-1380-de-fecha-20-de-junio-del-2018.pdf\" target=\"_blank\" rel=\"noopener noreferrer\">Res. Nro. 1380 de 20\/06\/18<\/a><\/li>\n<li>Comisi\u00f3n de Fomento Urbano Divina Misericordia &#8211; <a href=\"muvh.gov.pysitiofonavis\/wp-content\/uploads\/sites\/4\/2018\/02\/Resolucion-N\u00b0-1382-de-fecha-20-de-junio-del-2018.pdf\" target=\"_blank\" rel=\"noopener noreferrer\">Res. Nro. 1382 de 20\/06\/18<\/a><\/li>\n<li>Comunidad Ind\u00edgena Y\u2019akaju de la Etnia Av\u00e1 Guaran\u00ed &#8211; <a href=\"https:\/\/muvh.gov.py\/sitiofonavis\/wp-content\/uploads\/sites\/4\/2018\/02\/Resolucion-N\u00b0-1408-de-fecha-22-de-junio-del-2018.pdf\" target=\"_blank\" rel=\"noopener noreferrer\">Res. Nro. 1408 de 22\/06\/18<\/a><\/li>\n<li>Comunidad ind\u00edgena Mbya de Tekoha Guasu Yukeri &#8211; <a href=\"muvh.gov.pysitiofonavis\/wp-content\/uploads\/sites\/4\/2018\/02\/Resolucion-N\u00b0-1410-de-fecha-22-de-junio-del-2018.pdf\" target=\"_blank\" rel=\"noopener noreferrer\">Res. Nro. 1410 de 22\/06\/18<\/a><\/li>\n<li>Comunidad Ind\u00edgena Naranjito Rio Verde &#8211; <a href=\"https:\/\/muvh.gov.py\/sitiofonavis\/wp-content\/uploads\/sites\/4\/2018\/02\/Resolucion-N\u00b0-1411-de-fecha-22-de-junio-del-2018.pdf\" target=\"_blank\" rel=\"noopener noreferrer\">Res. Nro. 1411 de 22\/06\/18<\/a><\/li>\n<li>Comisi\u00f3n Vecinal del Asentamiento San Jos\u00e9 &#8211; <a href=\"https:\/\/muvh.gov.py\/sitiofonavis\/wp-content\/uploads\/sites\/4\/2018\/02\/Resolucion-N\u00b0-1413-de-fecha-22-de-junio-del-2018.pdf\" target=\"_blank\" rel=\"noopener noreferrer\">Res. Nro. 1413 de 22\/06\/18<\/a><\/li>\n<\/ul>\n","protected":false},"excerpt":{"rendered":"<p>Resoluci\u00f3n del Primer Llamado 287 &#8211; 09\/02\/18 [..ver..] Comunidad Ind\u00edgena Mbya Guaran\u00ed \u201cNARANJITO \u201c, \u201cISLA H\u00da\u201d, \u201cSANTA&#8230;<\/p>\n","protected":false},"author":2,"featured_media":0,"comment_status":"open","ping_status":"open","sticky":false,"template":"","format":"standard","meta":{"footnotes":""},"categories":[2],"tags":[],"class_list":["post-1196","post","type-post","status-publish","format-standard","hentry","category-noticia-fonavis"],"_links":{"self":[{"href":"https:\/\/www.muvh.gov.py\/sitiofonavis\/wp-json\/wp\/v2\/posts\/1196","targetHints":{"allow":["GET"]}}],"collection":[{"href":"https:\/\/www.muvh.gov.py\/sitiofonavis\/wp-json\/wp\/v2\/posts"}],"about":[{"href":"https:\/\/www.muvh.gov.py\/sitiofonavis\/wp-json\/wp\/v2\/types\/post"}],"author":[{"embeddable":true,"href":"https:\/\/www.muvh.gov.py\/sitiofonavis\/wp-json\/wp\/v2\/users\/2"}],"replies":[{"embeddable":true,"href":"https:\/\/www.muvh.gov.py\/sitiofonavis\/wp-json\/wp\/v2\/comments?post=1196"}],"version-history":[{"count":4,"href":"https:\/\/www.muvh.gov.py\/sitiofonavis\/wp-json\/wp\/v2\/posts\/1196\/revisions"}],"predecessor-version":[{"id":21856,"href":"https:\/\/www.muvh.gov.py\/sitiofonavis\/wp-json\/wp\/v2\/posts\/1196\/revisions\/21856"}],"wp:attachment":[{"href":"https:\/\/www.muvh.gov.py\/sitiofonavis\/wp-json\/wp\/v2\/media?parent=1196"}],"wp:term":[{"taxonomy":"category","embeddable":true,"href":"https:\/\/www.muvh.gov.py\/sitiofonavis\/wp-json\/wp\/v2\/categories?post=1196"},{"taxonomy":"post_tag","embeddable":true,"href":"https:\/\/www.muvh.gov.py\/sitiofonavis\/wp-json\/wp\/v2\/tags?post=1196"}],"curies":[{"name":"wp","href":"https:\/\/api.w.org\/{rel}","templated":true}]}}