{"id":1475,"date":"2018-12-17T21:34:45","date_gmt":"2018-12-17T21:34:45","guid":{"rendered":"http:\/\/www.muvh.gov.py\/sitiofonavis\/?p=1475"},"modified":"2018-12-17T21:34:45","modified_gmt":"2018-12-17T21:34:45","slug":"resolucion-del-cuarto-llamado-ano-2018","status":"publish","type":"post","link":"https:\/\/www.muvh.gov.py\/sitiofonavis\/2018\/resolucion-del-cuarto-llamado-ano-2018.html","title":{"rendered":"Resoluci\u00f3n del Cuarto Llamado A\u00f1o 2018"},"content":{"rendered":"<p>Resoluci\u00f3n del Cuarto Llamado 692 del 17\/12\/18 <a href=\"https:\/\/www.muvh.gov.py\/sitiofonavis\/wp-content\/uploads\/sites\/4\/2018\/12\/Resoluci\u00f3n-N-692-de-fecha-17-de-diciembre-de-2018.pdf\" target=\"_blank\" rel=\"noopener noreferrer\">[..ver..]<\/a><\/p>\n<ul>\n<li>Comunidad Ind\u00edgena La Esperanza &#8211; <a href=\"https:\/\/www.muvh.gov.py\/sitiofonavis\/wp-content\/uploads\/sites\/4\/2018\/12\/Resolucion-N\u00b0-705-de-fecha-18-de-diciembre-del-2018.pdf\" target=\"_blank\" rel=\"noopener noreferrer\">Res. Nro. 705 de 18\/12\/18<\/a><\/li>\n<li>Comisi\u00f3n Vecinal del Territorio Social Renacer del km 7 Monday &#8211; <a href=\"https:\/\/www.muvh.gov.py\/sitiofonavis\/wp-content\/uploads\/sites\/4\/2018\/12\/Resolucion-N\u00b0-707-del-18-12-2018.pdf\" target=\"_blank\" rel=\"noopener noreferrer\">Res. Nro. 707 de 18\/12\/18<\/a><\/li>\n<li>Comisi\u00f3n Vecinal de la localidad del Asentamiento Vy&#8217;a Raity &#8211; <a href=\"https:\/\/www.muvh.gov.py\/sitiofonavis\/wp-content\/uploads\/sites\/4\/2018\/12\/Resolucion-N\u00b0-708-del-18-12-2018.pdf\" target=\"_blank\" rel=\"noopener noreferrer\">Res. Nro. 708 de 18\/12\/18<\/a><\/li>\n<li>Comisi\u00f3n Sol Naciente II &#8211; <a href=\"https:\/\/www.muvh.gov.py\/sitiofonavis\/wp-content\/uploads\/sites\/4\/2018\/12\/RES-709-18-PYTO-SOL-NACIENTE-II.pdf\" target=\"_blank\" rel=\"noopener noreferrer\">Res. Nro. 709 de 18\/12\/18<\/a><\/li>\n<li>Comisi\u00f3n Vecinal de Fomento Territorio Social la Piedad &#8211; <a href=\"https:\/\/www.muvh.gov.py\/sitiofonavis\/wp-content\/uploads\/sites\/4\/2018\/12\/Resolucion-N\u00b0-710-del-18-12-2018.pdf\" target=\"_blank\" rel=\"noopener noreferrer\">Res. Nro. 710 de 18\/12\/18<\/a><\/li>\n<li>Comisi\u00f3n Vecinal de la Localidad de Capit\u00e1n Meza Puerto &#8211; <a href=\"https:\/\/www.muvh.gov.py\/sitiofonavis\/wp-content\/uploads\/sites\/4\/2018\/12\/RES-729-18-PYTO-CAPITAN-MEZA-PUERTO.pdf\" target=\"_blank\" rel=\"noopener noreferrer\">Res. Nro. 729 de 19\/12\/18<\/a><\/li>\n<li>Comisi\u00f3n Vecinal del Territorio Social Sol Naciente 1 &#8211; <a href=\"https:\/\/www.muvh.gov.py\/sitiofonavis\/wp-content\/uploads\/sites\/4\/2018\/12\/RES-N-730-18-PYTO-SOL-NACIENTE-I.pdf\" target=\"_blank\" rel=\"noopener noreferrer\">Res. Nro. 730 de 19\/12\/18<\/a><\/li>\n<li>Comisi\u00f3n Sagrada Familia de la Compa\u00f1\u00eda Yacarey &#8211; <a href=\"https:\/\/www.muvh.gov.py\/sitiofonavis\/wp-content\/uploads\/sites\/4\/2018\/12\/Res.-731-18-Sagrada-familia-Tekovera.pdf\" target=\"_blank\" rel=\"noopener noreferrer\">Res. Nro. 731 de 19\/12\/18<\/a><\/li>\n<li>Comisi\u00f3n de Fomento y Desarrollo de la Colonia la Germania &#8211; <a href=\"https:\/\/www.muvh.gov.py\/sitiofonavis\/wp-content\/uploads\/sites\/4\/2018\/12\/RES-732-18-PYTO-LA-GERMANINA.pdf\" target=\"_blank\" rel=\"noopener noreferrer\">Res. Nro. 732 de 19\/12\/19<\/a><\/li>\n<li>Comisi\u00f3n Directiva del Territorio Social Dos de Oro de la Calle Virgen de Fatima &#8211; <a href=\"https:\/\/www.muvh.gov.py\/sitiofonavis\/wp-content\/uploads\/sites\/4\/2018\/12\/RES-733-18-PYTO-DOS-DE-ORO.pdf\" target=\"_blank\" rel=\"noopener noreferrer\">Res. Nro. 733 de 19\/12\/18<\/a><\/li>\n<li>Comisi\u00f3n Vecinal de Fomento Urbano Asentamiento Tierra Prometida &#8211; <a href=\"http:\/\/localhost\/sitiofonavis\/wp-content\/uploads\/sites\/2\/2019\/07\/Res-N\u00b0-736-de-19_12_18-Com_Vec_Tierra_Prometida.pdf\" target=\"_blank\" rel=\"noopener noreferrer\">Res. Nro. 736 de 19\/12\/18<\/a><\/li>\n<li>Comisi\u00f3n de Desarrollo Rural de la Colonia Santa Rosa de Lima &#8211; <a href=\"https:\/\/www.muvh.gov.py\/sitiofonavis\/wp-content\/uploads\/sites\/4\/2018\/12\/Resolucion-737-del-19-12-2018-aprobacion-de-lista-de-beneficiarios.pdf\" target=\"_blank\" rel=\"noopener noreferrer\">Res. Nro. 737 de 19\/12\/18<\/a><\/li>\n<li>Comisi\u00f3n Directiva Pro-Desarrollo y Fomento &#8211; <a href=\"https:\/\/www.muvh.gov.py\/sitiofonavis\/wp-content\/uploads\/sites\/4\/2018\/12\/RES-738-18-PYTO-PRO-DESARROLLO-Y-FOMENTO.pdf\" target=\"_blank\" rel=\"noopener noreferrer\">Res. Nro. 738 de 19\/12\/18<\/a><\/li>\n<li>Comisi\u00f3n Pro Vivienda del Territorio Social Las Mercedes II &#8211; <a href=\"https:\/\/www.muvh.gov.py\/sitiofonavis\/wp-content\/uploads\/sites\/4\/2018\/12\/Resolucion-N\u00b0-739-del-19-12-2018-por-la-cual-se-aprueba-la-lista-de-beneficiarios.pdf\" target=\"_blank\" rel=\"noopener noreferrer\">Res. Nro. 739 de 19\/12\/18<\/a><\/li>\n<li>Comisi\u00f3n Central del Territorio Social MBOKAJATY I &#8211; <a href=\"https:\/\/www.muvh.gov.py\/sitiofonavis\/wp-content\/uploads\/sites\/4\/2018\/12\/Resolucion-N\u00b0-740-del-19-12-2018.pdf\" target=\"_blank\" rel=\"noopener noreferrer\">Res. Nro. 740 de 19\/12\/18<\/a><\/li>\n<li>Comisi\u00f3n Vecinal Divino Ni\u00f1o Jes\u00fas &#8211; <a href=\"https:\/\/www.muvh.gov.py\/sitiofonavis\/wp-content\/uploads\/sites\/4\/2018\/12\/Resolucion-N\u00b0-741-del-19-12-2018.pdf\" target=\"_blank\" rel=\"noopener noreferrer\">Res. Nro. 741 de 19\/12\/18<\/a><\/li>\n<li>Comunidad Ind\u00edgena Cerro Akangue de ka Etnia Pai Tavytera &#8211; <a href=\"https:\/\/www.muvh.gov.py\/sitiofonavis\/wp-content\/uploads\/sites\/4\/2018\/12\/Resolucion-N\u00b0-742-del-19-12-2018.pdf\" target=\"_blank\" rel=\"noopener noreferrer\">Res. Nro. 742 de 19\/12\/18<\/a><\/li>\n<li>Comisi\u00f3n de Fomento y Desarrollo de Loma Hovy &#8211; <a href=\"https:\/\/www.muvh.gov.py\/sitiofonavis\/wp-content\/uploads\/sites\/4\/2018\/12\/Resolucion-N\u00b0-766-del-21-12-2018.pdf\" target=\"_blank\" rel=\"noopener noreferrer\">Res. Nro. 766 de 21\/12\/18<\/a><\/li>\n<li>Comisi\u00f3n Central del Territorio Social San Rafael &#8211; <a href=\"https:\/\/www.muvh.gov.py\/sitiofonavis\/wp-content\/uploads\/sites\/4\/2018\/12\/Resolucion-767-del-21-12-2018-San-Rafael-Gladys-Franco.pdf\" target=\"_blank\" rel=\"noopener noreferrer\">Res. Nro. 767 de 21\/12\/18.<\/a><\/li>\n<li>Comisi\u00f3n Vecinal del Asentamiento Union SANJUANINA &#8211; <a href=\"https:\/\/www.muvh.gov.py\/sitiofonavis\/wp-content\/uploads\/sites\/4\/2018\/12\/Resolucion-768-del-21-12-2018.pdf\" target=\"_blank\" rel=\"noopener noreferrer\">Res. Nro. 768 de 21\/12\/8<\/a><\/li>\n<li>Comisi\u00f3n Pro-Vivienda Proyecto Sin Haitad &#8211; <a href=\"https:\/\/www.muvh.gov.py\/sitiofonavis\/wp-content\/uploads\/sites\/4\/2018\/12\/Resolucion-N\u00b0-770-del-21-12-2018.pdf\" target=\"_blank\" rel=\"noopener noreferrer\">Res. Nro. 770 de 21\/12\/18<\/a><\/li>\n<li>Asociaci\u00f3n Campesinos el triunfo del Asentamiento San Cayetano &#8211; <a href=\"https:\/\/www.muvh.gov.py\/sitiofonavis\/wp-content\/uploads\/sites\/4\/2018\/12\/San-Cayetano-Resoluci\u00f3n.pdf\" target=\"_blank\" rel=\"noopener noreferrer\">Res. Nro. 771 de 21\/12\/18<\/a><\/li>\n<li>Comisi\u00f3n Vecinal Pro Vivienda Asentamiento Carmen Soler &#8211; <a href=\"https:\/\/www.muvh.gov.py\/sitiofonavis\/wp-content\/uploads\/sites\/4\/2018\/12\/Resolucion-N\u00b0-772-del-21-12-2018.pdf\" target=\"_blank\" rel=\"noopener noreferrer\">Res. Nro. 772 de 21\/12\/18.<\/a><\/li>\n<li>Comisi\u00f3n Vecinal Santa Rosa &#8211; <a href=\"https:\/\/www.muvh.gov.py\/sitiofonavis\/wp-content\/uploads\/sites\/4\/2018\/12\/Resolucion-N\u00b0-774-del-21-12-2018.pdf\" target=\"_blank\" rel=\"noopener noreferrer\">Res. Nro. 774 de 21\/12\/18<\/a><\/li>\n<li>Comisi\u00f3n Pro Construcci\u00f3n de Viviendas &#8211; <a href=\"https:\/\/www.muvh.gov.py\/sitiofonavis\/wp-content\/uploads\/sites\/4\/2018\/12\/RES-709-18-PYTO-SOL-NACIENTE-II-1.pdf\" target=\"_blank\" rel=\"noopener noreferrer\">Res. Nro. 775 de 21\/12\/18<\/a><\/li>\n<li>Organizaci\u00f3n Desarrollo Comunitario (Comunidad del Progreso) &#8211; <a href=\"https:\/\/www.muvh.gov.py\/sitiofonavis\/wp-content\/uploads\/sites\/4\/2018\/12\/Resolucion-N\u00b0-778-de-fecha-21-de-diciembre-del-2018.pdf\" target=\"_blank\" rel=\"noopener noreferrer\">Res. Nro. 778 de 21\/12\/18<\/a><\/li>\n<li>Comisi\u00f3n Central del Territorio Social Juan Latin del Barrio San Luis &#8211; <a href=\"https:\/\/www.muvh.gov.py\/sitiofonavis\/wp-content\/uploads\/sites\/4\/2018\/12\/Juan-Lat\u00edn-Resoluci\u00f3n.pdf\" target=\"_blank\" rel=\"noopener noreferrer\">Res. Nro. 779 de 21\/12\/18<\/a><\/li>\n<li>Comisi\u00f3n Vecinal de Fomento Territorio Social 2 de Noviembre &#8211; <a href=\"https:\/\/www.muvh.gov.py\/sitiofonavis\/wp-content\/uploads\/sites\/4\/2018\/12\/Resolucion-N\u00b0-783-de-fecha-21-de-diciembre-del-2018.pdf\" target=\"_blank\" rel=\"noopener noreferrer\">Res. Nro. 783 de 21\/12\/18<\/a><\/li>\n<li>Comisi\u00f3n Central del Territorio Social Las Mercedes II &#8211; <a href=\"https:\/\/www.muvh.gov.py\/sitiofonavis\/wp-content\/uploads\/sites\/4\/2018\/12\/Resolucion-N\u00b0-784-de-fecha-21-de-diciembre-del-2018.pdf\" target=\"_blank\" rel=\"noopener noreferrer\">Res. Nro. 784 de 21\/12\/18<\/a><\/li>\n<li>Comunidad Ind\u00edgena ITAYPAVUSU &#8211; <a href=\"https:\/\/www.muvh.gov.py\/sitiofonavis\/wp-content\/uploads\/sites\/4\/2018\/12\/Resolucion-N\u00b0-823-de-fecha-27-de-diciembre-del-2018.pdf\" target=\"_blank\" rel=\"noopener noreferrer\">Res. Nro. 823 de 27\/12\/18<\/a><\/li>\n<li>Comisi\u00f3n Vecinal de Tava Pora &#8211; <a href=\"https:\/\/www.muvh.gov.py\/sitiofonavis\/wp-content\/uploads\/sites\/4\/2018\/12\/Resolucion-N\u00b0-865-de-fecha-28-de-diciembre-del-2018.pdf\" target=\"_blank\" rel=\"noopener noreferrer\">Res. Nro. 865 de 28\/12\/18<\/a><\/li>\n<li>Compra de Vivienda Nueva o Usada &#8211; <a href=\"https:\/\/www.muvh.gov.py\/sitiofonavis\/wp-content\/uploads\/sites\/4\/2018\/12\/Resolucion-N\u00b0-858-de-fecha-28-de-diciembre-del-2018.pdf\" target=\"_blank\" rel=\"noopener noreferrer\">Res. Nro.\u00a0 858 de 28\/12\/18<\/a><\/li>\n<li>Compra de Vivienda Nueva o Usada &#8211; <a href=\"https:\/\/www.muvh.gov.py\/sitiofonavis\/wp-content\/uploads\/sites\/4\/2018\/12\/Resolucion-N\u00b0-859-de-fecha-28-de-diciembre-del-2018.pdf\" target=\"_blank\" rel=\"noopener noreferrer\">Res. Nro. 859 de 28\/12\/18<\/a><\/li>\n<li>Compra de Vivienda Nueva o Usada &#8211; <a href=\"https:\/\/www.muvh.gov.py\/sitiofonavis\/wp-content\/uploads\/sites\/4\/2018\/12\/Resolucion-N\u00b0-860-de-fecha-28-de-diciembre-del-2018.pdf\" target=\"_blank\" rel=\"noopener noreferrer\">Res. Nro. 860 de 28\/12\/18<\/a><\/li>\n<li>Compra de Vivienda Nueva o Usada &#8211; <a href=\"https:\/\/www.muvh.gov.py\/sitiofonavis\/wp-content\/uploads\/sites\/4\/2018\/12\/Resolucion-N\u00b0-861-de-fecha-28-de-diciembre-del-2018.pdf\" target=\"_blank\" rel=\"noopener noreferrer\">Res. Nro. 861 de 28\/12\/18<\/a><\/li>\n<\/ul>\n","protected":false},"excerpt":{"rendered":"<p>Resoluci\u00f3n del Cuarto Llamado 692 del 17\/12\/18 [..ver..] Comunidad Ind\u00edgena La Esperanza &#8211; Res. Nro. 705 de&#8230;<\/p>\n","protected":false},"author":2,"featured_media":0,"comment_status":"open","ping_status":"open","sticky":false,"template":"","format":"standard","meta":{"footnotes":""},"categories":[2],"tags":[],"class_list":["post-1475","post","type-post","status-publish","format-standard","hentry","category-noticia-fonavis"],"_links":{"self":[{"href":"https:\/\/www.muvh.gov.py\/sitiofonavis\/wp-json\/wp\/v2\/posts\/1475","targetHints":{"allow":["GET"]}}],"collection":[{"href":"https:\/\/www.muvh.gov.py\/sitiofonavis\/wp-json\/wp\/v2\/posts"}],"about":[{"href":"https:\/\/www.muvh.gov.py\/sitiofonavis\/wp-json\/wp\/v2\/types\/post"}],"author":[{"embeddable":true,"href":"https:\/\/www.muvh.gov.py\/sitiofonavis\/wp-json\/wp\/v2\/users\/2"}],"replies":[{"embeddable":true,"href":"https:\/\/www.muvh.gov.py\/sitiofonavis\/wp-json\/wp\/v2\/comments?post=1475"}],"version-history":[{"count":0,"href":"https:\/\/www.muvh.gov.py\/sitiofonavis\/wp-json\/wp\/v2\/posts\/1475\/revisions"}],"wp:attachment":[{"href":"https:\/\/www.muvh.gov.py\/sitiofonavis\/wp-json\/wp\/v2\/media?parent=1475"}],"wp:term":[{"taxonomy":"category","embeddable":true,"href":"https:\/\/www.muvh.gov.py\/sitiofonavis\/wp-json\/wp\/v2\/categories?post=1475"},{"taxonomy":"post_tag","embeddable":true,"href":"https:\/\/www.muvh.gov.py\/sitiofonavis\/wp-json\/wp\/v2\/tags?post=1475"}],"curies":[{"name":"wp","href":"https:\/\/api.w.org\/{rel}","templated":true}]}}