{"id":2063,"date":"2019-10-01T19:40:36","date_gmt":"2019-10-01T19:40:36","guid":{"rendered":"https:\/\/www.muvh.gov.py\/sitiofonavis\/?p=2063"},"modified":"2019-10-01T19:40:36","modified_gmt":"2019-10-01T19:40:36","slug":"resolucion-del-tercer-llamado-ano-2019","status":"publish","type":"post","link":"https:\/\/www.muvh.gov.py\/sitiofonavis\/2019\/resolucion-del-tercer-llamado-ano-2019.html","title":{"rendered":"Resoluci\u00f3n del Tercer Llamado A\u00f1o 2019"},"content":{"rendered":"\n<p>Resoluci\u00f3n Nro. 1638 de 19 de Setiembre de 2019 &#8211; <a rel=\"noreferrer noopener\" aria-label=\"Ver documento (opens in a new tab)\" href=\"http:\/\/localhost\/sitiofonavis\/wp-content\/uploads\/sites\/2\/2019\/10\/Resolucion-N\u00b0-1638-de-fecha-19-de-setiembre-del-2019.pdf\" target=\"_blank\">Ver documento<\/a><\/p>\n\n\n\n<ul class=\"wp-block-list\"><li>Comisi\u00f3n Vecinal de Fomento Urbano Territorio Social el Progreso &#8211; <a rel=\"noreferrer noopener\" aria-label=\"Res. Nro. 1642 de 20\/09\/2019 (opens in a new tab)\" href=\"http:\/\/localhost\/sitiofonavis\/wp-content\/uploads\/sites\/2\/2019\/10\/Res.-N\u00b0-1642-de-20-09-19-El-Progreso-SAT-Myrian-Sosa.pdf\" target=\"_blank\">Res. Nro. 1642 de 20\/09\/2019<\/a><\/li><li>Comisi\u00f3n para Vivienda de la Senavitah, de la Localidad de San Marcos &#8211; <a rel=\"noreferrer noopener\" aria-label=\"Res. Nro. 1643 de 20\/09\/2019 (opens in a new tab)\" href=\"http:\/\/localhost\/sitiofonavis\/wp-content\/uploads\/sites\/2\/2019\/10\/Res.-N\u00b0-1643-de-20-09-19-San-Marcos-SAT-Farina.pdf\" target=\"_blank\">Res. Nro. 1643 de 20\/09\/2019<\/a><\/li><li>Comisi\u00f3n Pro &#8211; Desarrollo que se halla en la Localidad de Santa Lucia &#8211; <a rel=\"noreferrer noopener\" aria-label=\"Res. Nro. 1645 de 20\/09\/2019 (opens in a new tab)\" href=\"http:\/\/localhost\/sitiofonavis\/wp-content\/uploads\/sites\/2\/2019\/10\/Res.-N\u00b0-1645-de-20-09-19-Santa-Lucia-SAT-Gustavo-Ayala.pdf\" target=\"_blank\">Res. Nro. 1645 de 20\/09\/2019<\/a><\/li><li>Comisi\u00f3n de Fomento y Desarrollo del Asentamiento Ku\u00f1a Aty &#8211; <a rel=\"noreferrer noopener\" aria-label=\"Res. Nro. 1646 de 20\/09\/2019 (opens in a new tab)\" href=\"http:\/\/localhost\/sitiofonavis\/wp-content\/uploads\/sites\/2\/2019\/10\/Res.-N\u00b0-1646-de-20-09-19-Kuna-Aty-SAT-Myrian-Sosa.pdf\" target=\"_blank\">Res. Nro. 1646 de 20\/09\/2019<\/a><\/li><li>Comisi\u00f3n de Fomento del Barrio Renacer &#8211; Res. Nro. 1647 de 20\/09\/2019<\/li><li>Comisi\u00f3n de Fomento y Desarrollo para la Construcci\u00f3n de Vivienda &#8211; Yroysa 11\u00ba L\u00ednea &#8211; <a rel=\"noreferrer noopener\" aria-label=\"Res. Nro. 1648 de 20\/09\/2019 (opens in a new tab)\" href=\"http:\/\/localhost\/sitiofonavis\/wp-content\/uploads\/sites\/2\/2019\/10\/Res.-N\u00b0-1648-de-20-09-19-Yroysa-11-linea-SAT-Tekove.pdf\" target=\"_blank\">Res. Nro. 1648 de 20\/09\/2019<\/a><\/li><li>Comunidad Ind\u00edgena Ava &#8211; Chiripa de Cerro Campi &#8211; Res. Nro. 1649 de 20\/09\/2019<\/li><li>Comisi\u00f3n Vecinal Santa Rosa &#8211; <a rel=\"noreferrer noopener\" aria-label=\"Res. Nro. 1650 de 20\/09\/2019 (opens in a new tab)\" href=\"http:\/\/localhost\/sitiofonavis\/wp-content\/uploads\/sites\/2\/2019\/10\/Res.-N\u00b0-1650-de-20-09-19-Santa-Rosa-SAT-BIVES.pdf\" target=\"_blank\">Res. Nro. 1650 de 20\/09\/2019<\/a><\/li><li>Comisi\u00f3n Pro &#8211; Vivienda de la Colonia Agua Blanca de Corpus Christi &#8211; <a rel=\"noreferrer noopener\" aria-label=\"Res. Nro. 1651 de 20\/09\/2019 (opens in a new tab)\" href=\"http:\/\/localhost\/sitiofonavis\/wp-content\/uploads\/sites\/2\/2019\/10\/Res.-N\u00b0-1651-de-20-09-19-Agua-Blanca-SAT-Osmar-Vera.pdf\" target=\"_blank\">Res. Nro. 1651 de 20\/09\/2019<\/a><\/li><li>Comisi\u00f3n Directiva Pro Vivienda San Vicente Ferrer &#8211; <a rel=\"noreferrer noopener\" aria-label=\"Res. Nro. 1652 de 20\/09\/2019 (opens in a new tab)\" href=\"http:\/\/localhost\/sitiofonavis\/wp-content\/uploads\/sites\/2\/2019\/10\/Res.-N\u00b0-1652-de-20-09-19-San-Vic-Ferrer-SAT-Cesarina.pdf\" target=\"_blank\">Res. Nro. 1652 de 20\/09\/2019<\/a><\/li><li>Comunidad Ind\u00edgena \u00ab26 de febrero\u00bb, Perteneciente a la Etnia Ava Guaran\u00ed &#8211; <a rel=\"noreferrer noopener\" aria-label=\"Res. Nro. 1653 de 20\/09\/2019 (opens in a new tab)\" href=\"http:\/\/localhost\/sitiofonavis\/wp-content\/uploads\/sites\/2\/2019\/10\/Res.-N\u00b0-1653-de-20-09-19-26-de-Febrero-SAT-Barboza.pdf\" target=\"_blank\">Res. Nro. 1653 de 20\/09\/2019<\/a><\/li><li>Comisi\u00f3n Vecinal Denominada Ita Poty del Barrio Cerrito &#8211; <a rel=\"noreferrer noopener\" aria-label=\"Res. Nro. 1654 de 20\/09\/2019 (opens in a new tab)\" href=\"http:\/\/localhost\/sitiofonavis\/wp-content\/uploads\/sites\/2\/2019\/10\/Res.-N\u00b0-1654-de-20-09-19-Ita-Poty-SAT-Cesarina.pdf\" target=\"_blank\">Res. Nro. 1654 de 20\/09\/2019<\/a><\/li><li>Comunidad Ind\u00edgena \u00abYkua Pora Campo Azul\u00bb &#8211; <a rel=\"noreferrer noopener\" aria-label=\"Res. Nro. 1655 de 20\/09\/2019 (opens in a new tab)\" href=\"http:\/\/localhost\/sitiofonavis\/wp-content\/uploads\/sites\/2\/2019\/10\/Res.-N\u00b0-1655-de-20-09-19-Ykua-Pora-SAT-Codes.pdf\" target=\"_blank\">Res. Nro. 1655 de 20\/09\/2019<\/a><\/li><li>Comisi\u00f3n Vecinal San Miguel del Barrio Ko&#8217;e Rory &#8211; <a rel=\"noreferrer noopener\" aria-label=\"Res. Nro. 1656 de 20\/09\/2019 (opens in a new tab)\" href=\"http:\/\/localhost\/sitiofonavis\/wp-content\/uploads\/sites\/2\/2019\/10\/Res.-N\u00b0-1656-de-20-09-19-Koe-Rory-SAT-Enrique-Ayala.pdf\" target=\"_blank\">Res. Nro. 1656 de 20\/09\/2019<\/a><\/li><li>Comisi\u00f3n Pro Vivienda de l a Compa\u00f1\u00eda Recoleta &#8211; <a rel=\"noreferrer noopener\" aria-label=\"Res. Nro. 1657 de 20\/09\/2019 (opens in a new tab)\" href=\"http:\/\/localhost\/sitiofonavis\/wp-content\/uploads\/sites\/2\/2019\/10\/Res.-N\u00b0-1657-de-20-09-19-Comp-Recoleta-SAT-Veronica-Ojeda.pdf\" target=\"_blank\">Res. Nro. 1657 de 20\/09\/2019<\/a><\/li><li>Comisi\u00f3n Vecinal Proyecto Senavitad de la Comunidad Zolabarrieta &#8211; <a rel=\"noreferrer noopener\" aria-label=\"Res. Nro. 1659 de 20\/09\/2019 (opens in a new tab)\" href=\"http:\/\/localhost\/sitiofonavis\/wp-content\/uploads\/sites\/2\/2019\/10\/Res.-N\u00b0-1659-de-23-09-19-Zolabarrieta-SAT-Celia-Acosta.pdf\" target=\"_blank\">Res. Nro. 1659 de 20\/09\/2019<\/a><\/li><li>Comisi\u00f3n Vecinal Asentamiento Santa Rosa &#8211; <a rel=\"noreferrer noopener\" aria-label=\"Res. Nro. 1660 de 20\/09\/2019 (opens in a new tab)\" href=\"http:\/\/localhost\/sitiofonavis\/wp-content\/uploads\/sites\/2\/2019\/10\/Res.-N\u00b0-1660-de-23-09-19-Asen-Santa-Rosa-SAT-Hidrocontrol.pdf\" target=\"_blank\">Res. Nro. 1660 de 20\/09\/2019<\/a><\/li><li>Junta Comunal de Vecinos de la Localidad de Laguna Plato &#8211; <a rel=\"noreferrer noopener\" aria-label=\"Res. Nro. 1661 de 23\/09\/2019 (opens in a new tab)\" href=\"http:\/\/localhost\/sitiofonavis\/wp-content\/uploads\/sites\/2\/2019\/10\/Res.-N\u00b0-1661-de-23-09-19-Laguna-Plato-SAT-Noesis.pdf\" target=\"_blank\">Res. Nro. 1661 de 23\/09\/2019<\/a><\/li><li>Comisi\u00f3n Vecinal Sin Tierra y Sin Techo San Jorge Dos &#8211; <a rel=\"noreferrer noopener\" aria-label=\"Res. Nro. 1662 de 23\/09\/2019 (opens in a new tab)\" href=\"http:\/\/localhost\/sitiofonavis\/wp-content\/uploads\/sites\/2\/2019\/10\/Res.-N\u00b0-1662-de-23-09-19-San-Jorde-Dos-SAT-Bives.pdf\" target=\"_blank\">Res. Nro. 1662 de 23\/09\/2019<\/a><\/li><li>Comisi\u00f3n Vecinal Sin Techo Nueva Esperanza &#8211; <a rel=\"noreferrer noopener\" aria-label=\"Res. Nro. 1663 de 23\/09\/2019 (opens in a new tab)\" href=\"http:\/\/localhost\/sitiofonavis\/wp-content\/uploads\/sites\/2\/2019\/10\/Res.-N\u00b0-1663-de-23-09-19-Nueva-Esperanza-SAT-ACG-de-setiembre-del-2019.pdf\" target=\"_blank\">Res. Nro. 1663 de 23\/09\/2019<\/a><\/li><li>Comunidad Ind\u00edgena Pai-Tavytera Pira\u00fd &#8211; Res. Nro. 1664 de 23\/09\/2019<\/li><li>Comisi\u00f3n de Apoyo del Asentamiento San Rafael del Barrio San Miguel &#8211; <a rel=\"noreferrer noopener\" aria-label=\"Res. Nro. 1665 de 23\/09\/2019 (opens in a new tab)\" href=\"http:\/\/localhost\/sitiofonavis\/wp-content\/uploads\/sites\/2\/2019\/10\/Res.-N\u00b0-1665-de-23-09-19-San-Rafael-SAT-NyF.pdf\" target=\"_blank\">Res. Nro. 1665 de 23\/09\/2019<\/a><\/li><li>Comisi\u00f3n Vecinal de Fomento y Desarrollo de la Localidad de san Francisco-Ex Ciervo Cua &#8211; Res. Nro. 1666 de 23\/09\/2019<\/li><li>Comisi\u00f3n Vecinal Pro Actividad \u00abFamilias Felices\u00bb &#8211; <a rel=\"noreferrer noopener\" aria-label=\"Res. Nro. 1667 de 23\/09\/2019 (opens in a new tab)\" href=\"http:\/\/localhost\/sitiofonavis\/wp-content\/uploads\/sites\/2\/2019\/10\/Res.-N\u00b0-1667-de-23-09-19-Familia-Felices-SAT-Fun-Nazareth.pdf\" target=\"_blank\">Res. Nro. 1667 de 23\/09\/2019<\/a><\/li><li>Comisi\u00f3n de Fomento y Desarrollo del Asentamiento San Lorenzo &#8211; <a rel=\"noreferrer noopener\" aria-label=\"Res. Nro. 1668 de 23\/09\/2019 (opens in a new tab)\" href=\"http:\/\/localhost\/sitiofonavis\/wp-content\/uploads\/sites\/2\/2019\/10\/Res.-N\u00b0-1668-de-23-09-19-Asen-San-Lorenzo-SAT-Const-AS.pdf\" target=\"_blank\">Res. Nro. 1668 de 23\/09\/2019<\/a><\/li><li>Comisi\u00f3n Vecinal de la Colonia 1\u00ba de Marzo &#8211; <a rel=\"noreferrer noopener\" aria-label=\"Res. Nro. 1669 de 23\/09\/2019 (opens in a new tab)\" href=\"http:\/\/localhost\/sitiofonavis\/wp-content\/uploads\/sites\/2\/2019\/10\/Res.-N\u00b0-1669-de-23-09-19-1-de-Marzo-SAT-JM-Villalba.pdf\" target=\"_blank\">Res. Nro. 1669 de 23\/09\/2019<\/a><\/li><li>Compra de Vivienda Nueva o Usada \u2013 <a rel=\"noreferrer noopener\" aria-label=\"Res. Nro. 1702 de 27\/09\/19 (opens in a new tab)\" href=\"http:\/\/localhost\/sitiofonavis\/wp-content\/uploads\/sites\/2\/2019\/10\/Resolucion-N\u00b0-1702-de-fecha-27-de-setiembre-del-2019.pdf\" target=\"_blank\">Res. Nro. 1702 de 27\/09\/19<\/a><\/li><li>Compra de Vivienda Nueva o Usada \u2013 <a rel=\"noreferrer noopener\" aria-label=\"Res. Nro. 1703 de 27\/09\/19 (opens in a new tab)\" href=\"http:\/\/localhost\/sitiofonavis\/wp-content\/uploads\/sites\/2\/2019\/10\/Resolucion-N\u00b0-1703-de-fecha-27-de-setiembre-del-2019.pdf\" target=\"_blank\">Res. Nro. 1703 de 27\/09\/19<\/a><\/li><li>Compra de Vivienda Nueva o Usada \u2013 <a rel=\"noreferrer noopener\" aria-label=\"Res. Nro. 1709 de 30\/09\/19 (opens in a new tab)\" href=\"http:\/\/localhost\/sitiofonavis\/wp-content\/uploads\/sites\/2\/2019\/10\/Resolucion-N\u00b0-1709-de-fecha-30-de-setiembre-del-2019.pdf\" target=\"_blank\">Res. Nro. 1709 de 30\/09\/19<\/a><\/li><li>Compra de Vivienda Nueva o Usada \u2013 <a rel=\"noreferrer noopener\" aria-label=\"Res. Nro. 1710 de 30\/09\/19 (opens in a new tab)\" href=\"http:\/\/localhost\/sitiofonavis\/wp-content\/uploads\/sites\/2\/2019\/10\/Resolucion-N\u00b0-1710-de-fecha-30-de-setiembre-del-2019.pdf\" target=\"_blank\">Res. Nro. 1710 de 30\/09\/19<\/a><\/li><li>Compra de Vivienda Nueva o Usada \u2013 Res. Nro. 1712 de 30\/09\/19 <\/li><li>Edificaci\u00f3n en Lote Propio \u2013 <a rel=\"noreferrer noopener\" aria-label=\"Res. Nro. 1717 de 30\/09\/19 (opens in a new tab)\" href=\"http:\/\/localhost\/sitiofonavis\/wp-content\/uploads\/sites\/2\/2019\/12\/Resolucion-N\u00b0-1717-de-fecha-30-de-setiembre-del-2019.pdf\" target=\"_blank\">Res. Nro. 1717 de 30\/09\/19<\/a><\/li><li>Edificaci\u00f3n en Lote Propio \u2013 <a href=\"http:\/\/localhost\/sitiofonavis\/wp-content\/uploads\/sites\/2\/2019\/12\/Resolucion-N\u00b0-1718-de-fecha-30-de-setiembre-del-2019.pdf\" target=\"_blank\" rel=\"noreferrer noopener\" aria-label=\"Res. Nro. 1718 de 30\/09\/19 (opens in a new tab)\">Res. Nro. 1718 de 30\/09\/19<\/a> <\/li><li>Compra de Vivienda Nueva o Usada \u2013 <a rel=\"noreferrer noopener\" aria-label=\"Res. Nro. 1723 de 30\/09\/19 (opens in a new tab)\" href=\"http:\/\/localhost\/sitiofonavis\/wp-content\/uploads\/sites\/2\/2019\/10\/Resolucion-N\u00b0-1723-de-fecha-30-de-setiembre-del-2019.pdf\" target=\"_blank\">Res. Nro. 1723 de 30\/09\/19<\/a><\/li><li>Compra de Vivienda Nueva o Usada \u2013 <a rel=\"noreferrer noopener\" aria-label=\"Res. Nro. 1724 de 30\/09\/19 (opens in a new tab)\" href=\"http:\/\/localhost\/sitiofonavis\/wp-content\/uploads\/sites\/2\/2019\/10\/Resolucion-N\u00b0-1724-de-fecha-30-de-setiembre-del-2019.pdf\" target=\"_blank\">Res. Nro. 1724 de 30\/09\/19<\/a>  <\/li><\/ul>\n\n\n\n<p><\/p>\n","protected":false},"excerpt":{"rendered":"<p>Resoluci\u00f3n Nro. 1638 de 19 de Setiembre de 2019 &#8211; Ver documento Comisi\u00f3n Vecinal de Fomento Urbano&#8230;<\/p>\n","protected":false},"author":2,"featured_media":0,"comment_status":"open","ping_status":"open","sticky":false,"template":"","format":"standard","meta":{"footnotes":""},"categories":[2],"tags":[],"class_list":["post-2063","post","type-post","status-publish","format-standard","hentry","category-noticia-fonavis"],"_links":{"self":[{"href":"https:\/\/www.muvh.gov.py\/sitiofonavis\/wp-json\/wp\/v2\/posts\/2063","targetHints":{"allow":["GET"]}}],"collection":[{"href":"https:\/\/www.muvh.gov.py\/sitiofonavis\/wp-json\/wp\/v2\/posts"}],"about":[{"href":"https:\/\/www.muvh.gov.py\/sitiofonavis\/wp-json\/wp\/v2\/types\/post"}],"author":[{"embeddable":true,"href":"https:\/\/www.muvh.gov.py\/sitiofonavis\/wp-json\/wp\/v2\/users\/2"}],"replies":[{"embeddable":true,"href":"https:\/\/www.muvh.gov.py\/sitiofonavis\/wp-json\/wp\/v2\/comments?post=2063"}],"version-history":[{"count":0,"href":"https:\/\/www.muvh.gov.py\/sitiofonavis\/wp-json\/wp\/v2\/posts\/2063\/revisions"}],"wp:attachment":[{"href":"https:\/\/www.muvh.gov.py\/sitiofonavis\/wp-json\/wp\/v2\/media?parent=2063"}],"wp:term":[{"taxonomy":"category","embeddable":true,"href":"https:\/\/www.muvh.gov.py\/sitiofonavis\/wp-json\/wp\/v2\/categories?post=2063"},{"taxonomy":"post_tag","embeddable":true,"href":"https:\/\/www.muvh.gov.py\/sitiofonavis\/wp-json\/wp\/v2\/tags?post=2063"}],"curies":[{"name":"wp","href":"https:\/\/api.w.org\/{rel}","templated":true}]}}