{"id":21595,"date":"2021-09-09T12:13:15","date_gmt":"2021-09-09T12:13:15","guid":{"rendered":"https:\/\/muvh.gov.py\/sitiofonavis\/?p=21595"},"modified":"2022-12-15T14:36:18","modified_gmt":"2022-12-15T14:36:18","slug":"resolucion-nro-736-del-12-05-21-llamado-nacional-03-2021","status":"publish","type":"post","link":"https:\/\/www.muvh.gov.py\/sitiofonavis\/2021\/resolucion-nro-736-del-12-05-21-llamado-nacional-03-2021.html","title":{"rendered":"Resoluci\u00f3n del Tercer Llamado A\u00f1o 2021"},"content":{"rendered":"<p>Resoluci\u00f3n del Tercer Llamado, Nro. 1752 del 08\/09\/21 <a href=\"https:\/\/www.muvh.gov.py\/sitiofonavis\/wp-content\/uploads\/sites\/2\/2021\/09\/Res-1752-del-08-09-21-Llamado-03-21.pdf\" target=\"_blank\" rel=\"noopener\">[..ver documento..]<\/a><\/p>\n<ol>\n<li>Comisi\u00f3n Central del Territorio Social Juan Latin 2 del Barrio San Luis &#8211; <a href=\"https:\/\/www.muvh.gov.py\/sitiofonavis\/wp-content\/uploads\/sites\/2\/2021\/09\/Res-1772-del-10-09-21-Juan-Latin-2-SAT-Felix-Martinez.pdf\" target=\"_blank\" rel=\"noopener\">Res. Nro. 1772 del 10\/09\/21<\/a><\/li>\n<li>Comisi\u00f3n Grupo Organizado Ore Rogarami del Barrio San Isidro Lado Este &#8211; <a href=\"https:\/\/www.muvh.gov.py\/sitiofonavis\/wp-content\/uploads\/sites\/2\/2021\/09\/Res-1773-del10-09-21-Ore-Rogarami-SAT-Equipo-Tecnico-RC.pdf\" target=\"_blank\" rel=\"noopener\">Res. Nro. 1773 del 10\/09\/21<\/a><\/li>\n<li>Comunidad Indigena Pai-Tavytera \u00abMbae Marangatu\u00bb &#8211; <a href=\"https:\/\/www.muvh.gov.py\/sitiofonavis\/wp-content\/uploads\/sites\/2\/2021\/09\/Res-1774-del-10-09-21-Mbae-Mbarangatu-SAT-CP-Construcciones.pdf\" target=\"_blank\" rel=\"noopener\">Res. Nro. 1774 del 10\/09\/21<\/a><\/li>\n<li>Comisi\u00f3n Pro-Casa &#8211; <a href=\"https:\/\/www.muvh.gov.py\/sitiofonavis\/wp-content\/uploads\/sites\/2\/2021\/09\/Res-1775-del-10-09-21-Pro-Casa-SAT-CP-Construcciones-fecha-10-de-setiembre-del-2021.pdf\" target=\"_blank\" rel=\"noopener\">Res. Nro. 1775 del 10\/09\/21<\/a><\/li>\n<li>Comisi\u00f3n Vecinal Pro Vivienda del Barrio 8 de Diciembre &#8211; <a href=\"https:\/\/www.muvh.gov.py\/sitiofonavis\/wp-content\/uploads\/sites\/2\/2021\/09\/Res-1776-del-10-09-21-8-de-Diciembre-SAT-Cecilia-Fretes.pdf\" target=\"_blank\" rel=\"noopener\">Res. Nro. 1776 del 10\/09\/21<\/a><\/li>\n<li>Comisi\u00f3n Vecinal \u00ab19 de Marzo\u00bb del Territorio Social 19 de Marzo del Distrito de Villeta &#8211; <a href=\"https:\/\/www.muvh.gov.py\/sitiofonavis\/wp-content\/uploads\/sites\/2\/2021\/09\/Res-1995-del-30-09-21-19-de-Marzo-del-Distrito-de-Villeta-SAT-Contaconsult.pdf\" target=\"_blank\" rel=\"noopener\">Res. Nro. 1995 del 30\/09\/21<\/a><\/li>\n<li>Comisi\u00f3n de Fomento y Desarrollo Pro Vivienda ku\u00f1a Guapa II de la Localidad de Aguapety &#8211; <a href=\"https:\/\/www.muvh.gov.py\/sitiofonavis\/wp-content\/uploads\/sites\/2\/2021\/09\/Res-2091-del-13-10-21-kuna-Guapa-II-SAT-Conultora-AS.pdf\" target=\"_blank\" rel=\"noopener\">Res. Nro. 2091 del 13\/10\/21<\/a><\/li>\n<li>Comunidad Indigena Chamacoco de Pto. Diana &#8211; <a href=\"https:\/\/www.muvh.gov.py\/sitiofonavis\/wp-content\/uploads\/sites\/2\/2021\/09\/Res-2235-del-29-10-21-Chamacoco-de-Pto-Diana-SAT-Oscar-Barboza.pdf\" target=\"_blank\" rel=\"noopener\">Res. Nro. 2235 del 29\/10\/21<\/a><\/li>\n<li>Asociaci\u00f3n San Roque &#8211; <a href=\"https:\/\/www.muvh.gov.py\/sitiofonavis\/wp-content\/uploads\/sites\/2\/2021\/09\/Res-2303-del-05-11-21-Aso-San-Roque-SAT-Dalma-Trivero.pdf\" target=\"_blank\" rel=\"noopener\">Res. Nro. 2303 del 05\/11\/21<\/a><\/li>\n<li>Comisi\u00f3n Vecinal de la Fracci\u00f3n la Paraguaya &#8211; <a href=\"https:\/\/www.muvh.gov.py\/sitiofonavis\/wp-content\/uploads\/sites\/2\/2021\/09\/Res-2316-del-10-11-21-Fraccion-la-Paraguaya-SAT-Consultora-SG.pdf\" target=\"_blank\" rel=\"noopener\">Res. Nro. 2316 del 10\/11\/21<\/a><\/li>\n<li>Comisi\u00f3n Pro Desarrollo de la Colonia Paso Real &#8211; <a href=\"https:\/\/www.muvh.gov.py\/sitiofonavis\/wp-content\/uploads\/sites\/2\/2021\/09\/Res-2374-del-12-11-21-Colonia-Paso-Real-SAT-TAJY.pdf\" target=\"_blank\" rel=\"noopener\">Res. Nro. 2374 del 12\/11\/21<\/a><\/li>\n<li>Comisi\u00f3n Central del Territorio Social la Fortuna II del Barrio Guelita &#8211; <a href=\"https:\/\/www.muvh.gov.py\/sitiofonavis\/wp-content\/uploads\/sites\/2\/2021\/09\/Res-2375-del-12-11-21-Fortuna-II-SAT-Sarah-Ferreira.pdf\" target=\"_blank\" rel=\"noopener\">Res. Nro. 2375 del 12\/11\/21<\/a><\/li>\n<\/ol>\n<p>&nbsp;<\/p>\n<p>&nbsp;<\/p>\n","protected":false},"excerpt":{"rendered":"<p>Resoluci\u00f3n del Tercer Llamado, Nro. 1752 del 08\/09\/21 [..ver documento..] Comisi\u00f3n Central del Territorio Social Juan Latin&#8230;<\/p>\n","protected":false},"author":2,"featured_media":0,"comment_status":"open","ping_status":"open","sticky":false,"template":"","format":"standard","meta":{"footnotes":""},"categories":[2],"tags":[],"class_list":["post-21595","post","type-post","status-publish","format-standard","hentry","category-noticia-fonavis"],"_links":{"self":[{"href":"https:\/\/www.muvh.gov.py\/sitiofonavis\/wp-json\/wp\/v2\/posts\/21595","targetHints":{"allow":["GET"]}}],"collection":[{"href":"https:\/\/www.muvh.gov.py\/sitiofonavis\/wp-json\/wp\/v2\/posts"}],"about":[{"href":"https:\/\/www.muvh.gov.py\/sitiofonavis\/wp-json\/wp\/v2\/types\/post"}],"author":[{"embeddable":true,"href":"https:\/\/www.muvh.gov.py\/sitiofonavis\/wp-json\/wp\/v2\/users\/2"}],"replies":[{"embeddable":true,"href":"https:\/\/www.muvh.gov.py\/sitiofonavis\/wp-json\/wp\/v2\/comments?post=21595"}],"version-history":[{"count":7,"href":"https:\/\/www.muvh.gov.py\/sitiofonavis\/wp-json\/wp\/v2\/posts\/21595\/revisions"}],"predecessor-version":[{"id":22313,"href":"https:\/\/www.muvh.gov.py\/sitiofonavis\/wp-json\/wp\/v2\/posts\/21595\/revisions\/22313"}],"wp:attachment":[{"href":"https:\/\/www.muvh.gov.py\/sitiofonavis\/wp-json\/wp\/v2\/media?parent=21595"}],"wp:term":[{"taxonomy":"category","embeddable":true,"href":"https:\/\/www.muvh.gov.py\/sitiofonavis\/wp-json\/wp\/v2\/categories?post=21595"},{"taxonomy":"post_tag","embeddable":true,"href":"https:\/\/www.muvh.gov.py\/sitiofonavis\/wp-json\/wp\/v2\/tags?post=21595"}],"curies":[{"name":"wp","href":"https:\/\/api.w.org\/{rel}","templated":true}]}}